{"id":579,"date":"2016-04-14T00:00:00","date_gmt":"2016-04-14T00:00:00","guid":{"rendered":"https:\/\/sagelab.cesnet.cz\/2021\/05\/30\/daw-pro-tools-fenomen-soucasne-prace-se-zvukem\/"},"modified":"2021-05-30T13:06:20","modified_gmt":"2021-05-30T13:06:20","slug":"daw-pro-tools-fenomen-soucasne-prace-se-zvukem","status":"publish","type":"post","link":"https:\/\/sagelab.cesnet.cz\/en\/2016\/04\/14\/daw-pro-tools-fenomen-soucasne-prace-se-zvukem\/","title":{"rendered":"DAW Pro Tools &#8211; Fenom\u00e9n sou\u010dasn\u00e9 pr\u00e1ce se zvukem"},"content":{"rendered":"<p>Za\u010d\u00e1tek akce:&nbsp;17:00<\/p>\n\n\n\n<p>Dal\u0161\u00ed grafick\u00fd \u010dtvrtek ve vysok\u00e9m rozli\u0161en\u00ed, kter\u00e9 si m\u016f\u017eete naplno u\u017e\u00edv v SAGELab je tady! C\u00edlem p\u0159edn\u00e1\u0161ky je p\u0159edstavit poslucha\u010d\u016fm DAW Pro Tools nejroz\u0161\u00ed\u0159en\u011bj\u0161\u00ed audio software pou\u017e\u00edvan\u00fd profesion\u00e1ly po cel\u00e9m sv\u011bt\u011b. B\u011bhem prezentace se dozv\u00edte z\u00e1kladn\u00ed informace o mo\u017enostech pr\u00e1ce se zvukem pro r\u016fzn\u00e9 vyu\u017eit\u00ed &#8211; od filmov\u00e9 hudebn\u00ed postprodukce a\u017e po dom\u00e1c\u00ed nahr\u00e1vac\u00ed studio.<\/p>\n\n\n\n<p>Autor se jako hudebn\u00edk a zvuka\u0159 ji\u017e p\u0159es 25 let v\u011bnuje profesion\u00e1ln\u00ed pr\u00e1ci se zvukem s vyu\u017eit\u00edm zvukov\u00e9ho hardware a software.<\/p>\n\n\n\n<hr class=\"wp-block-separator\"\/>\n\n\n\n<p>Grafick\u00e9 \u010dtvrtky ve vysok\u00e9m rozli\u0161en\u00ed jsou cyklem p\u0159edn\u00e1\u0161ek zvan\u00fdch host\u016f na t\u00e9mata spojen\u00e1 s grafikou. Tyto p\u0159edn\u00e1\u0161ky se konaj\u00ed v SAGElab (sage.fit.cvut.cz), kter\u00e9 je spole\u010dn\u00fdm pracovi\u0161t\u011bm Fakulty informa\u010dn\u00edch technologi\u00ed \u010cVUT, \u010cVUT FEL a sdru\u017een\u00ed CESNET, z.s.p.o. Laborato\u0159 m\u00e1 velkoplo\u0161n\u00e9 vizualiza\u010dn\u00edm za\u0159\u00edzen\u00ed s rozli\u0161en\u00edm 8K+ (http:\/\/grafit.fit.cvut.cz\/).&nbsp;<\/p>","protected":false},"excerpt":{"rendered":"<p>(17:00) C\u00edlem t\u00e9to prezentace je p\u0159edstavit poslucha\u010d\u016fm tento nejroz\u0161\u00ed\u0159en\u011bj\u0161\u00ed audio software pou\u017e\u00edvan\u00fd profesion\u00e1ly po cel\u00e9m sv\u011bt\u011b v hlavn\u00edch souvislostech&#8230;<\/p>","protected":false},"author":1,"featured_media":918,"comment_status":"closed","ping_status":"open","sticky":false,"template":"templates\/template-full-width.php","format":"standard","meta":{"_acf_changed":false,"footnotes":""},"categories":[6],"tags":[],"class_list":["post-579","post","type-post","status-publish","format-standard","has-post-thumbnail","hentry","category-aktuality"],"acf":[],"_links":{"self":[{"href":"https:\/\/sagelab.cesnet.cz\/en\/wp-json\/wp\/v2\/posts\/579","targetHints":{"allow":["GET"]}}],"collection":[{"href":"https:\/\/sagelab.cesnet.cz\/en\/wp-json\/wp\/v2\/posts"}],"about":[{"href":"https:\/\/sagelab.cesnet.cz\/en\/wp-json\/wp\/v2\/types\/post"}],"author":[{"embeddable":true,"href":"https:\/\/sagelab.cesnet.cz\/en\/wp-json\/wp\/v2\/users\/1"}],"replies":[{"embeddable":true,"href":"https:\/\/sagelab.cesnet.cz\/en\/wp-json\/wp\/v2\/comments?post=579"}],"version-history":[{"count":2,"href":"https:\/\/sagelab.cesnet.cz\/en\/wp-json\/wp\/v2\/posts\/579\/revisions"}],"predecessor-version":[{"id":919,"href":"https:\/\/sagelab.cesnet.cz\/en\/wp-json\/wp\/v2\/posts\/579\/revisions\/919"}],"wp:featuredmedia":[{"embeddable":true,"href":"https:\/\/sagelab.cesnet.cz\/en\/wp-json\/wp\/v2\/media\/918"}],"wp:attachment":[{"href":"https:\/\/sagelab.cesnet.cz\/en\/wp-json\/wp\/v2\/media?parent=579"}],"wp:term":[{"taxonomy":"category","embeddable":true,"href":"https:\/\/sagelab.cesnet.cz\/en\/wp-json\/wp\/v2\/categories?post=579"},{"taxonomy":"post_tag","embeddable":true,"href":"https:\/\/sagelab.cesnet.cz\/en\/wp-json\/wp\/v2\/tags?post=579"}],"curies":[{"name":"wp","href":"https:\/\/api.w.org\/{rel}","templated":true}]}}